{"id":219,"date":"2017-12-14T11:48:46","date_gmt":"2017-12-14T10:48:46","guid":{"rendered":"https:\/\/pablomendez.info\/2018\/05\/14\/boom-festival\/"},"modified":"2018-05-21T11:25:27","modified_gmt":"2018-05-21T09:25:27","slug":"boom-festival","status":"publish","type":"post","link":"https:\/\/pablomendez.info\/en\/boom-festival\/","title":{"rendered":"Boom Festival"},"content":{"rendered":"<p dir=\"ltr\">El pasado mes de agosto se celebr\u00f3 la \u00faltima edici\u00f3n del\u00a0<a href=\"https:\/\/www.facebook.com\/boomfestivalofficialpage\/\">Boom Festival Internacional<\/a>, un festival de m\u00fasica trance psicod\u00e9lica que se desarrolla en una peque\u00f1a localidad de\u00a0<a href=\"https:\/\/www.visitportugal.com\/es\">Portugal<\/a>\u00a0llamada\u00a0<a href=\"http:\/\/www.cm-idanhanova.pt\/\">Idanha-a-Nova<\/a>.<\/p>\n<p>Este festival bienal se inici\u00f3 en 1997 y se ha ido convirtiendo en una oda a la cultura alternativa, un acontecimiento multidisciplinar donde confluyen diversas \u00e1reas art\u00edsticas (pintura, escultura, artes pl\u00e1sticas en general, graffitis, land art\u2026). Un destacado cartel de conferencias, talleres, coloquios, reuniones y exposiciones, as\u00ed como gran variedad de artistas musicales, conforman este festival que, cada vez, cuenta con m\u00e1s adeptos. Adem\u00e1s, actividades como el yoga o la meditaci\u00f3n se alternan con el culto a la m\u00fasica trance. El desarrollo sostenible y la concienciaci\u00f3n con el medio ambiente son su m\u00e1xima y son muchas las comparativas con el famoso\u00a0<em><a href=\"http:\/\/burningman.org\/\">Burning Man<\/a><\/em>.<\/p>\n<p>A lo largo de los 8 d\u00edas de festival, multitud de artistas y performers presentan sus espect\u00e1culos amenizando la fiesta. Nuestra compa\u00f1\u00eda se encarg\u00f3 de parte de la animaci\u00f3n durante dos d\u00edas. El primer d\u00eda, al alba, nuestros artistas caracterizados cual verdaderos animales de la sabana, recorrieron tres de las pistas de baile entre la gente, \u00a0mimetiz\u00e1ndose con la naturaleza en las zonas de transici\u00f3n de una pista a otra. Nuestra siguiente performance, consisti\u00f3 en recorrer varias zonas metidos en la piel de unos seres de espejos que realizaban movimientos pl\u00e1sticos y envolventes. El efecto provocado por los destellos del sol al reflejar en los trajes causaba furor entre el p\u00fablico y las actuaciones en los escenarios de las diferentes \u00e1reas musicales no dejaron indiferente a nadie.<\/p>\n<p>Al caer el sol lleg\u00f3 el turno de las flores, cuyo alegre colorido captaba la atenci\u00f3n de todos los asistentes. A ritmo de electr\u00f3nica, ejecutaron su hipn\u00f3tico baile en diferentes pistas y escenarios. A continuaci\u00f3n, las medusas iluminadas se contoneaban entre la gente, siendo visibles desde pr\u00e1cticamente cualquier punto del recinto. Finalmente, dos delfines gigantes surcaban un mar imaginario sobre las cabezas de un p\u00fablico entregado cuya respuesta y aceptaci\u00f3n resulta imposible de plasmar con palabras.<\/p>\n<p>Queremos mostrar nuestro m\u00e1s sincero agradecimiento a la organizaci\u00f3n del festival por la contrataci\u00f3n de nuestros servicios para amenizar este evento \u00a0y felicitarla por su labor. Sin duda, ha sido una de las actuaciones m\u00e1s especiales a las que hemos tenido el placer de asistir.<\/p>\n","protected":false},"excerpt":{"rendered":"<p>El pasado mes de agosto se celebr\u00f3 la \u00faltima edici\u00f3n del\u00a0Boom Festival Internacional, un festival de m\u00fasica trance psicod\u00e9lica que se desarrolla en una peque\u00f1a localidad de\u00a0Portugal\u00a0llamada\u00a0Idanha-a-Nova. Este festival bienal se inici\u00f3 en 1997 y se ha ido convirtiendo en una oda a la cultura alternativa, un acontecimiento multidisciplinar donde confluyen diversas \u00e1reas art\u00edsticas (pintura, [&hellip;]<\/p>\n","protected":false},"author":1,"featured_media":123,"comment_status":"closed","ping_status":"closed","sticky":false,"template":"","format":"standard","meta":{"_joinchat":[],"footnotes":""},"categories":[4],"tags":[],"class_list":["post-219","post","type-post","status-publish","format-standard","has-post-thumbnail","hentry","category-blog"],"yoast_head":"<!-- This site is optimized with the Yoast SEO plugin v27.4 - https:\/\/yoast.com\/product\/yoast-seo-wordpress\/ -->\n<title>Boom Festival - Pablo M\u00e9ndez<\/title>\n<meta name=\"robots\" content=\"index, follow, max-snippet:-1, max-image-preview:large, max-video-preview:-1\" \/>\n<link rel=\"canonical\" href=\"https:\/\/pablomendez.info\/en\/boom-festival\/\" \/>\n<meta property=\"og:locale\" content=\"en_US\" \/>\n<meta property=\"og:type\" content=\"article\" \/>\n<meta property=\"og:title\" content=\"Boom Festival - Pablo M\u00e9ndez\" \/>\n<meta property=\"og:description\" content=\"El pasado mes de agosto se celebr\u00f3 la \u00faltima edici\u00f3n del\u00a0Boom Festival Internacional, un festival de m\u00fasica trance psicod\u00e9lica que se desarrolla en una peque\u00f1a localidad de\u00a0Portugal\u00a0llamada\u00a0Idanha-a-Nova. Este festival bienal se inici\u00f3 en 1997 y se ha ido convirtiendo en una oda a la cultura alternativa, un acontecimiento multidisciplinar donde confluyen diversas \u00e1reas art\u00edsticas (pintura, [&hellip;]\" \/>\n<meta property=\"og:url\" content=\"https:\/\/pablomendez.info\/en\/boom-festival\/\" \/>\n<meta property=\"og:site_name\" content=\"Pablo M\u00e9ndez\" \/>\n<meta property=\"article:publisher\" content=\"https:\/\/www.facebook.com\/pablomendez.fanpage\" \/>\n<meta property=\"article:published_time\" content=\"2017-12-14T10:48:46+00:00\" \/>\n<meta property=\"article:modified_time\" content=\"2018-05-21T09:25:27+00:00\" \/>\n<meta property=\"og:image\" content=\"https:\/\/pablomendez.info\/wp-content\/uploads\/2018\/05\/15000713_1322664274453024_181994319259473582_o-650x434.jpg\" \/>\n\t<meta property=\"og:image:width\" content=\"650\" \/>\n\t<meta property=\"og:image:height\" content=\"434\" \/>\n\t<meta property=\"og:image:type\" content=\"image\/jpeg\" \/>\n<meta name=\"author\" content=\"pumpundixital\" \/>\n<meta name=\"twitter:card\" content=\"summary_large_image\" \/>\n<meta name=\"twitter:creator\" content=\"@_Pablo_Mendez_\" \/>\n<meta name=\"twitter:site\" content=\"@_Pablo_Mendez_\" \/>\n<meta name=\"twitter:label1\" content=\"Written by\" \/>\n\t<meta name=\"twitter:data1\" content=\"pumpundixital\" \/>\n\t<meta name=\"twitter:label2\" content=\"Est. reading time\" \/>\n\t<meta name=\"twitter:data2\" content=\"2 minutes\" \/>\n<script type=\"application\/ld+json\" class=\"yoast-schema-graph\">{\"@context\":\"https:\\\/\\\/schema.org\",\"@graph\":[{\"@type\":\"Article\",\"@id\":\"https:\\\/\\\/pablomendez.info\\\/en\\\/boom-festival\\\/#article\",\"isPartOf\":{\"@id\":\"https:\\\/\\\/pablomendez.info\\\/en\\\/boom-festival\\\/\"},\"author\":{\"name\":\"pumpundixital\",\"@id\":\"https:\\\/\\\/pablomendez.info\\\/en\\\/#\\\/schema\\\/person\\\/f705b74a30e13f7f43f00d6f37949bec\"},\"headline\":\"Boom Festival\",\"datePublished\":\"2017-12-14T10:48:46+00:00\",\"dateModified\":\"2018-05-21T09:25:27+00:00\",\"mainEntityOfPage\":{\"@id\":\"https:\\\/\\\/pablomendez.info\\\/en\\\/boom-festival\\\/\"},\"wordCount\":415,\"publisher\":{\"@id\":\"https:\\\/\\\/pablomendez.info\\\/en\\\/#organization\"},\"image\":{\"@id\":\"https:\\\/\\\/pablomendez.info\\\/en\\\/boom-festival\\\/#primaryimage\"},\"thumbnailUrl\":\"https:\\\/\\\/pablomendez.info\\\/wp-content\\\/uploads\\\/2018\\\/05\\\/15000713_1322664274453024_181994319259473582_o-650x434.jpg\",\"articleSection\":[\"Blog\"],\"inLanguage\":\"en-US\"},{\"@type\":\"WebPage\",\"@id\":\"https:\\\/\\\/pablomendez.info\\\/en\\\/boom-festival\\\/\",\"url\":\"https:\\\/\\\/pablomendez.info\\\/en\\\/boom-festival\\\/\",\"name\":\"Boom Festival - Pablo M\u00e9ndez\",\"isPartOf\":{\"@id\":\"https:\\\/\\\/pablomendez.info\\\/en\\\/#website\"},\"primaryImageOfPage\":{\"@id\":\"https:\\\/\\\/pablomendez.info\\\/en\\\/boom-festival\\\/#primaryimage\"},\"image\":{\"@id\":\"https:\\\/\\\/pablomendez.info\\\/en\\\/boom-festival\\\/#primaryimage\"},\"thumbnailUrl\":\"https:\\\/\\\/pablomendez.info\\\/wp-content\\\/uploads\\\/2018\\\/05\\\/15000713_1322664274453024_181994319259473582_o-650x434.jpg\",\"datePublished\":\"2017-12-14T10:48:46+00:00\",\"dateModified\":\"2018-05-21T09:25:27+00:00\",\"breadcrumb\":{\"@id\":\"https:\\\/\\\/pablomendez.info\\\/en\\\/boom-festival\\\/#breadcrumb\"},\"inLanguage\":\"en-US\",\"potentialAction\":[{\"@type\":\"ReadAction\",\"target\":[\"https:\\\/\\\/pablomendez.info\\\/en\\\/boom-festival\\\/\"]}]},{\"@type\":\"ImageObject\",\"inLanguage\":\"en-US\",\"@id\":\"https:\\\/\\\/pablomendez.info\\\/en\\\/boom-festival\\\/#primaryimage\",\"url\":\"https:\\\/\\\/pablomendez.info\\\/wp-content\\\/uploads\\\/2018\\\/05\\\/15000713_1322664274453024_181994319259473582_o-650x434.jpg\",\"contentUrl\":\"https:\\\/\\\/pablomendez.info\\\/wp-content\\\/uploads\\\/2018\\\/05\\\/15000713_1322664274453024_181994319259473582_o-650x434.jpg\",\"width\":650,\"height\":434},{\"@type\":\"BreadcrumbList\",\"@id\":\"https:\\\/\\\/pablomendez.info\\\/en\\\/boom-festival\\\/#breadcrumb\",\"itemListElement\":[{\"@type\":\"ListItem\",\"position\":1,\"name\":\"Portada\",\"item\":\"https:\\\/\\\/pablomendez.info\\\/en\\\/home\\\/\"},{\"@type\":\"ListItem\",\"position\":2,\"name\":\"Boom Festival\"}]},{\"@type\":\"WebSite\",\"@id\":\"https:\\\/\\\/pablomendez.info\\\/en\\\/#website\",\"url\":\"https:\\\/\\\/pablomendez.info\\\/en\\\/\",\"name\":\"Pablo M\u00e9ndez\",\"description\":\"Compa\u00f1\u00eda de Performances\",\"publisher\":{\"@id\":\"https:\\\/\\\/pablomendez.info\\\/en\\\/#organization\"},\"alternateName\":\"Performances\",\"potentialAction\":[{\"@type\":\"SearchAction\",\"target\":{\"@type\":\"EntryPoint\",\"urlTemplate\":\"https:\\\/\\\/pablomendez.info\\\/en\\\/?s={search_term_string}\"},\"query-input\":{\"@type\":\"PropertyValueSpecification\",\"valueRequired\":true,\"valueName\":\"search_term_string\"}}],\"inLanguage\":\"en-US\"},{\"@type\":\"Organization\",\"@id\":\"https:\\\/\\\/pablomendez.info\\\/en\\\/#organization\",\"name\":\"Pablo M\u00e9ndez Performances\",\"url\":\"https:\\\/\\\/pablomendez.info\\\/en\\\/\",\"logo\":{\"@type\":\"ImageObject\",\"inLanguage\":\"en-US\",\"@id\":\"https:\\\/\\\/pablomendez.info\\\/en\\\/#\\\/schema\\\/logo\\\/image\\\/\",\"url\":\"https:\\\/\\\/pablomendez.info\\\/wp-content\\\/uploads\\\/2018\\\/05\\\/logopm.png\",\"contentUrl\":\"https:\\\/\\\/pablomendez.info\\\/wp-content\\\/uploads\\\/2018\\\/05\\\/logopm.png\",\"width\":191,\"height\":260,\"caption\":\"Pablo M\u00e9ndez Performances\"},\"image\":{\"@id\":\"https:\\\/\\\/pablomendez.info\\\/en\\\/#\\\/schema\\\/logo\\\/image\\\/\"},\"sameAs\":[\"https:\\\/\\\/www.facebook.com\\\/pablomendez.fanpage\",\"https:\\\/\\\/x.com\\\/_Pablo_Mendez_\",\"https:\\\/\\\/www.instagram.com\\\/pablomendezperformances\\\/\",\"https:\\\/\\\/www.linkedin.com\\\/company\\\/100184444\\\/admin\\\/dashboard\\\/\"]},{\"@type\":\"Person\",\"@id\":\"https:\\\/\\\/pablomendez.info\\\/en\\\/#\\\/schema\\\/person\\\/f705b74a30e13f7f43f00d6f37949bec\",\"name\":\"pumpundixital\",\"image\":{\"@type\":\"ImageObject\",\"inLanguage\":\"en-US\",\"@id\":\"https:\\\/\\\/secure.gravatar.com\\\/avatar\\\/d7d7d576070ea934840134b2ccbc290643a4155fdca760922b23c141039ade05?s=96&d=mm&r=g\",\"url\":\"https:\\\/\\\/secure.gravatar.com\\\/avatar\\\/d7d7d576070ea934840134b2ccbc290643a4155fdca760922b23c141039ade05?s=96&d=mm&r=g\",\"contentUrl\":\"https:\\\/\\\/secure.gravatar.com\\\/avatar\\\/d7d7d576070ea934840134b2ccbc290643a4155fdca760922b23c141039ade05?s=96&d=mm&r=g\",\"caption\":\"pumpundixital\"}}]}<\/script>\n<!-- \/ Yoast SEO plugin. -->","yoast_head_json":{"title":"Boom Festival - Pablo M\u00e9ndez","robots":{"index":"index","follow":"follow","max-snippet":"max-snippet:-1","max-image-preview":"max-image-preview:large","max-video-preview":"max-video-preview:-1"},"canonical":"https:\/\/pablomendez.info\/en\/boom-festival\/","og_locale":"en_US","og_type":"article","og_title":"Boom Festival - Pablo M\u00e9ndez","og_description":"El pasado mes de agosto se celebr\u00f3 la \u00faltima edici\u00f3n del\u00a0Boom Festival Internacional, un festival de m\u00fasica trance psicod\u00e9lica que se desarrolla en una peque\u00f1a localidad de\u00a0Portugal\u00a0llamada\u00a0Idanha-a-Nova. Este festival bienal se inici\u00f3 en 1997 y se ha ido convirtiendo en una oda a la cultura alternativa, un acontecimiento multidisciplinar donde confluyen diversas \u00e1reas art\u00edsticas (pintura, [&hellip;]","og_url":"https:\/\/pablomendez.info\/en\/boom-festival\/","og_site_name":"Pablo M\u00e9ndez","article_publisher":"https:\/\/www.facebook.com\/pablomendez.fanpage","article_published_time":"2017-12-14T10:48:46+00:00","article_modified_time":"2018-05-21T09:25:27+00:00","og_image":[{"width":650,"height":434,"url":"https:\/\/pablomendez.info\/wp-content\/uploads\/2018\/05\/15000713_1322664274453024_181994319259473582_o-650x434.jpg","type":"image\/jpeg"}],"author":"pumpundixital","twitter_card":"summary_large_image","twitter_creator":"@_Pablo_Mendez_","twitter_site":"@_Pablo_Mendez_","twitter_misc":{"Written by":"pumpundixital","Est. reading time":"2 minutes"},"schema":{"@context":"https:\/\/schema.org","@graph":[{"@type":"Article","@id":"https:\/\/pablomendez.info\/en\/boom-festival\/#article","isPartOf":{"@id":"https:\/\/pablomendez.info\/en\/boom-festival\/"},"author":{"name":"pumpundixital","@id":"https:\/\/pablomendez.info\/en\/#\/schema\/person\/f705b74a30e13f7f43f00d6f37949bec"},"headline":"Boom Festival","datePublished":"2017-12-14T10:48:46+00:00","dateModified":"2018-05-21T09:25:27+00:00","mainEntityOfPage":{"@id":"https:\/\/pablomendez.info\/en\/boom-festival\/"},"wordCount":415,"publisher":{"@id":"https:\/\/pablomendez.info\/en\/#organization"},"image":{"@id":"https:\/\/pablomendez.info\/en\/boom-festival\/#primaryimage"},"thumbnailUrl":"https:\/\/pablomendez.info\/wp-content\/uploads\/2018\/05\/15000713_1322664274453024_181994319259473582_o-650x434.jpg","articleSection":["Blog"],"inLanguage":"en-US"},{"@type":"WebPage","@id":"https:\/\/pablomendez.info\/en\/boom-festival\/","url":"https:\/\/pablomendez.info\/en\/boom-festival\/","name":"Boom Festival - Pablo M\u00e9ndez","isPartOf":{"@id":"https:\/\/pablomendez.info\/en\/#website"},"primaryImageOfPage":{"@id":"https:\/\/pablomendez.info\/en\/boom-festival\/#primaryimage"},"image":{"@id":"https:\/\/pablomendez.info\/en\/boom-festival\/#primaryimage"},"thumbnailUrl":"https:\/\/pablomendez.info\/wp-content\/uploads\/2018\/05\/15000713_1322664274453024_181994319259473582_o-650x434.jpg","datePublished":"2017-12-14T10:48:46+00:00","dateModified":"2018-05-21T09:25:27+00:00","breadcrumb":{"@id":"https:\/\/pablomendez.info\/en\/boom-festival\/#breadcrumb"},"inLanguage":"en-US","potentialAction":[{"@type":"ReadAction","target":["https:\/\/pablomendez.info\/en\/boom-festival\/"]}]},{"@type":"ImageObject","inLanguage":"en-US","@id":"https:\/\/pablomendez.info\/en\/boom-festival\/#primaryimage","url":"https:\/\/pablomendez.info\/wp-content\/uploads\/2018\/05\/15000713_1322664274453024_181994319259473582_o-650x434.jpg","contentUrl":"https:\/\/pablomendez.info\/wp-content\/uploads\/2018\/05\/15000713_1322664274453024_181994319259473582_o-650x434.jpg","width":650,"height":434},{"@type":"BreadcrumbList","@id":"https:\/\/pablomendez.info\/en\/boom-festival\/#breadcrumb","itemListElement":[{"@type":"ListItem","position":1,"name":"Portada","item":"https:\/\/pablomendez.info\/en\/home\/"},{"@type":"ListItem","position":2,"name":"Boom Festival"}]},{"@type":"WebSite","@id":"https:\/\/pablomendez.info\/en\/#website","url":"https:\/\/pablomendez.info\/en\/","name":"Pablo M\u00e9ndez","description":"Compa\u00f1\u00eda de Performances","publisher":{"@id":"https:\/\/pablomendez.info\/en\/#organization"},"alternateName":"Performances","potentialAction":[{"@type":"SearchAction","target":{"@type":"EntryPoint","urlTemplate":"https:\/\/pablomendez.info\/en\/?s={search_term_string}"},"query-input":{"@type":"PropertyValueSpecification","valueRequired":true,"valueName":"search_term_string"}}],"inLanguage":"en-US"},{"@type":"Organization","@id":"https:\/\/pablomendez.info\/en\/#organization","name":"Pablo M\u00e9ndez Performances","url":"https:\/\/pablomendez.info\/en\/","logo":{"@type":"ImageObject","inLanguage":"en-US","@id":"https:\/\/pablomendez.info\/en\/#\/schema\/logo\/image\/","url":"https:\/\/pablomendez.info\/wp-content\/uploads\/2018\/05\/logopm.png","contentUrl":"https:\/\/pablomendez.info\/wp-content\/uploads\/2018\/05\/logopm.png","width":191,"height":260,"caption":"Pablo M\u00e9ndez Performances"},"image":{"@id":"https:\/\/pablomendez.info\/en\/#\/schema\/logo\/image\/"},"sameAs":["https:\/\/www.facebook.com\/pablomendez.fanpage","https:\/\/x.com\/_Pablo_Mendez_","https:\/\/www.instagram.com\/pablomendezperformances\/","https:\/\/www.linkedin.com\/company\/100184444\/admin\/dashboard\/"]},{"@type":"Person","@id":"https:\/\/pablomendez.info\/en\/#\/schema\/person\/f705b74a30e13f7f43f00d6f37949bec","name":"pumpundixital","image":{"@type":"ImageObject","inLanguage":"en-US","@id":"https:\/\/secure.gravatar.com\/avatar\/d7d7d576070ea934840134b2ccbc290643a4155fdca760922b23c141039ade05?s=96&d=mm&r=g","url":"https:\/\/secure.gravatar.com\/avatar\/d7d7d576070ea934840134b2ccbc290643a4155fdca760922b23c141039ade05?s=96&d=mm&r=g","contentUrl":"https:\/\/secure.gravatar.com\/avatar\/d7d7d576070ea934840134b2ccbc290643a4155fdca760922b23c141039ade05?s=96&d=mm&r=g","caption":"pumpundixital"}}]}},"_links":{"self":[{"href":"https:\/\/pablomendez.info\/en\/wp-json\/wp\/v2\/posts\/219","targetHints":{"allow":["GET"]}}],"collection":[{"href":"https:\/\/pablomendez.info\/en\/wp-json\/wp\/v2\/posts"}],"about":[{"href":"https:\/\/pablomendez.info\/en\/wp-json\/wp\/v2\/types\/post"}],"author":[{"embeddable":true,"href":"https:\/\/pablomendez.info\/en\/wp-json\/wp\/v2\/users\/1"}],"replies":[{"embeddable":true,"href":"https:\/\/pablomendez.info\/en\/wp-json\/wp\/v2\/comments?post=219"}],"version-history":[{"count":1,"href":"https:\/\/pablomendez.info\/en\/wp-json\/wp\/v2\/posts\/219\/revisions"}],"predecessor-version":[{"id":223,"href":"https:\/\/pablomendez.info\/en\/wp-json\/wp\/v2\/posts\/219\/revisions\/223"}],"wp:featuredmedia":[{"embeddable":true,"href":"https:\/\/pablomendez.info\/en\/wp-json\/wp\/v2\/media\/123"}],"wp:attachment":[{"href":"https:\/\/pablomendez.info\/en\/wp-json\/wp\/v2\/media?parent=219"}],"wp:term":[{"taxonomy":"category","embeddable":true,"href":"https:\/\/pablomendez.info\/en\/wp-json\/wp\/v2\/categories?post=219"},{"taxonomy":"post_tag","embeddable":true,"href":"https:\/\/pablomendez.info\/en\/wp-json\/wp\/v2\/tags?post=219"}],"curies":[{"name":"wp","href":"https:\/\/api.w.org\/{rel}","templated":true}]}}